{"id":15869,"date":"2022-04-27T16:22:38","date_gmt":"2022-04-27T14:22:38","guid":{"rendered":"https:\/\/www.rec0.com\/?p=15869"},"modified":"2022-04-29T17:40:17","modified_gmt":"2022-04-29T15:40:17","slug":"recsostenible-una-de-les-novetats-daquesta-edicio","status":"publish","type":"post","link":"https:\/\/www.rec0.com\/es\/recsostenible-una-de-les-novetats-daquesta-edicio\/","title":{"rendered":"Moda sostenible en Rec"},"content":{"rendered":"<p>La pandemia ha obligado a reflexionar sobre la producci\u00f3n de ropa y est\u00e1n saliendo muchos proyectos de moda sostenible, incluso grandes marcas est\u00e1n desarrollando nuevas l\u00edneas en ese sentido.<br \/>\nPor primera vez en el Rec, encontrar\u00e1 REC+Sostenible, el gran espacio de moda sostenible con much\u00edsimas marcas y dise\u00f1adores que son aut\u00e9nticos descubrimientos! Ser\u00e1n en el edificio del Museo de la Piel, en la sala Encavallades donde encontrar\u00e1:<\/p>\n<ul>\n<li>El espacio 080 Barcelona Fashion con las propuestas ganadoras del concurso Rec\/080 Bcn Fashion.<\/li>\n<li>Moda dise\u00f1ada y fabricada con criterios de sostenibilidad: Bohodot, Luna Brand, Land Studio, Naturaleza Moda, Nuoo Clothing, Zer Era.<\/li>\n<li>La propuesta social de Top Manta, la marca de los manteros de Barcelona.<\/li>\n<li>Dise\u00f1o Marked, propuestas de dise\u00f1o y artesan\u00eda local con Akin Soft Goods, Zebra Designs, Mun BCN, Terrazzzo, Nubuckcuir, Elizari Bags y Omnea.<\/li>\n<li>Moda Sostenible Barcelona con marcas como Imarit, Miu Sutin, Moraduix, Nathalia Garc\u00eda Studio y The Milky Way.<\/li>\n<\/ul>\n<p>Adem\u00e1s, en todo el circuito encontrar\u00e1 marcas que producen localmente como SKFK, Miriam Ponsa, Sita Murt, Mi&amp;Co, Mus&amp;Bombon, Buff, Lia Swimwear, Visual Poetry Barcelona, \u200b\u200bVisionario, AMT Studio, American Socks, Bean&#8217;s Barcelona, \u200b\u200b\u00c9lise et Sardine, Ika, Jordi Rafart, Killing Weekend, Josep Abril, Little Lia by Beth, L\u00f6tiekids, Micu Micu, Punto Blanco, Suindiatico, Sussi Sweet Dress, Thinking Mu, Txell Miras, entre otros.<\/p>\n<p><strong>ESPACIO DEBATE REC.0<\/strong><\/p>\n<p>En este espacio tendr\u00e1n lugar dos debates sobre la moda sostenible, en el espacio de Moda Sostenible\/Espai 080, en la Sala de las Emparadas del Museo de la Piel de Igualada.<\/p>\n<p>En unos momentos como los que vivimos, el planteamiento de que la moda ser\u00e1 sostenible o no ser\u00e1 ya es cada d\u00eda m\u00e1s evidente. Rec.0 crea un espacio de reflexi\u00f3n con dos mesas redondas que cuentan con ponentes de primer nivel.<\/p>\n<p><strong>Mesa redonda jueves 12 de mayo a las 18h<\/strong><\/p>\n<p><strong>\u00bfMODA CIRCULAR, OBLIGACI\u00d3N u OPORTUNIDAD?<\/strong><\/p>\n<p>Una reflexi\u00f3n sobre la producci\u00f3n de ropa y el proceso circular aplicado en la industria textil. Una charla dirigida a un p\u00fablico m\u00e1s profesional, donde se quiere invitar a todas las empresas del Rec.0, a las empresas del Cl\u00faster Catal\u00e1n de la Moda, Fitex, empresas locales y de fuera.<\/p>\n<p>La nueva regulaci\u00f3n europea sobre la gesti\u00f3n del residuo textil puede cambiar el panorama de la industria de forma radical en los pr\u00f3ximos a\u00f1os. En Catalu\u00f1a, cada vez hay m\u00e1s ejemplos de empresas que apuestan por la sostenibilidad, pero el cambio no es f\u00e1cil. En esta mesa redonda, especialmente dirigida a un p\u00fablico profesional, se plantear\u00e1n varios aspectos a tener en cuenta sobre las implicaciones de un nuevo modelo de econom\u00eda circular sobre la industria de la moda. Conoceremos tambi\u00e9n qu\u00e9 experiencias de transformaci\u00f3n se est\u00e1n llevando a cabo en la industria textil de otros pa\u00edses europeos como Francia e Italia.<\/p>\n<p>La pandemia ha actuado como acelerador hacia la sostenibilidad, y la tendencia de la producci\u00f3n local est\u00e1 cada vez cogiendo m\u00e1s fuerza, aunque se han hecho evidentes algunos problemas como la falta de operarios y la falta de formaci\u00f3n. En este sentido, diversas iniciativas de creaci\u00f3n de escuelas de formaci\u00f3n profesional, como la de la empresa igualadina Buff junto a Igualada Fashion Lab, son ejemplos de que el sector est\u00e1 decidido a ser m\u00e1s aut\u00f3nomo y m\u00e1s sostenible, teniendo en cuenta que las producciones en pa\u00edses asi\u00e1ticos son cada vez m\u00e1s costosos y la huella ecol\u00f3gica es enorme. Estas nuevas tendencias abren la puerta a nuevas oportunidades de negocio dentro del sector.<\/p>\n<p>Por todo ello, la mesa redonda debatir\u00e1 el proceso de transformaci\u00f3n sostenible de la industria de la Moda en un contexto post-pand\u00e9mico y del futuro del mundo de la moda en un marco dentro de este nuevo marco de sostenibilidad, con aportaciones de algunos de sus protagonistas.<\/p>\n<p>Los ponentes son:<\/p>\n<p>Els ponents s\u00f3n:<\/p>\n<p><strong>Mireia Ca\u00f1ellas<\/strong>, responsable de Desenvolupament Sostenible de la Generalitat de Catalunya<\/p>\n<p><strong>Clara Mallart, <\/strong>responsable de l\u2019\u00c1rea de Sostenibilitat i Economia circular t\u00e8xtil de Modacc<\/p>\n<p><strong>David Puyuelo, <\/strong>director general de Col&amp;Bri&nbsp;<\/p>\n<p><strong>Marina Arnau, <\/strong>codirectora general de la Fundaci\u00f3 Formaci\u00f3 i Treball<\/p>\n<p><strong><em>Moderador:<\/em><\/strong><strong> David Garcia<\/strong>, director del Cl\u00faster Catal\u00e0 de la Moda<\/p>\n<p>&nbsp;<\/p>\n<p><strong>Mesa redonda viernes 13 de mayo a las 19h<\/strong><\/p>\n<p><strong>\u2018MODA SOSTENIBLE: \u00bfUNA MODA, UNA REALIDAD O UNA NECESIDAD?\u2019<\/strong><\/p>\n<p>Varias experiencias en sostenibilidad explicar\u00e1n y debatir\u00e1n el futuro de la moda sostenible.<\/p>\n<p>\u00bfLa sostenibilidad en la industria de la moda se est\u00e1 convirtiendo en una necesidad? \u00bfEs real se trata s\u00f3lo de greenwashing? \u00bfCu\u00e1les son ejemplos de buenas pr\u00e1cticas? \u00bfC\u00f3mo puede la industria de la moda dejar de ser una de las m\u00e1s contaminantes del mundo? \u00bfEs necesaria una intervenci\u00f3n decidida de la Administraci\u00f3n? Esta mesa redonda dirigida a todos los p\u00fablicos, expondr\u00e1 diversas experiencias de iniciativas que han decidido asumir nuevos procesos para elaborar productos respetuosos con el medio ambiente y con la sociedad en general.<\/p>\n<p>El paro del 2020 oblig\u00f3 a todas las empresas del mundo de la moda a replantearse su papel en el mundo, especialmente el impacto que produce la producci\u00f3n de la ropa. \u00bfC\u00f3mo est\u00e1 el sector hoy?<\/p>\n<p><strong>Miquel Feijoo<\/strong>, fundador i codirector general de SKFK&nbsp;<\/p>\n<p><strong>Miriam Ponsa, <\/strong>dissenyadora de moda<\/p>\n<p><strong>Noelia Montero, <\/strong>Moda Sostenible Barcelona i dissenyadora de Miu Suti<\/p>\n<p><strong>Montse Bayen<\/strong><strong> i <\/strong><strong>Nuria Nubiola, <\/strong>codirectores de Infinit Denim i cofundadores de Back To Eco<\/p>\n<p><strong>Moderadora:<\/strong>&nbsp;&nbsp;<strong>Francesca Tur<\/strong>, investigadora de tend\u00e8ncies i fundadora de Tendencias.tv<\/p>\n<p>&nbsp;<\/p>\n<p><strong>ESPAI EXPOSICI\u00d3N<\/strong><\/p>\n<p><strong>Lugar: Espai Moda Sostenible \/ Sala les Encavallades \/ Museu de la Pell <\/strong><\/p>\n<p>Escuelas de dise\u00f1o de moda de Catalunya expondr\u00e1n creaciones de moda sostenible de sus alumnos.<\/p>\n<p><strong>BAU \/ Creatiu i t\u00e8cnic Sabadell \u2013 CTS \/ EADIMODA \/ ESDAPC Escola Superior de Disseny i d\u2019Arts Pl\u00e0stiques de Catalunya \/ IED Barcelona \/ Institut La Garrotxa (Olot) \/ La Gaspar \/ LCI Barcelona<\/strong><\/p>\n<p>&nbsp;<\/p>\n<p>Del mi\u00e9rcoles 11 al s\u00e1bado 14 de mayo, de 10h a 22h en el barrio del Rec de Igualada<br \/>\nToda la informaci\u00f3n en www.rec0.com<\/p>","protected":false},"excerpt":{"rendered":"<p>La pandemia ha obligado a reflexionar sobre la producci\u00f3n de ropa y est\u00e1n saliendo muchos &hellip; <a href=\"https:\/\/www.rec0.com\/es\/recsostenible-una-de-les-novetats-daquesta-edicio\/\">Contin\u00faa<\/a><\/p>\n","protected":false},"author":2,"featured_media":15870,"comment_status":"open","ping_status":"open","sticky":false,"template":"","format":"standard","meta":{"ngg_post_thumbnail":0},"categories":[28],"tags":[],"yoast_head":"<!-- This site is optimized with the Yoast SEO plugin v18.2 - https:\/\/yoast.com\/wordpress\/plugins\/seo\/ -->\n<meta name=\"robots\" content=\"index, follow, max-snippet:-1, max-image-preview:large, max-video-preview:-1\" \/>\n<link rel=\"canonical\" href=\"https:\/\/www.rec0.com\/recsostenible-una-de-les-novetats-daquesta-edicio\/\" \/>\n<meta property=\"og:locale\" content=\"es_ES\" \/>\n<meta property=\"og:type\" content=\"article\" \/>\n<meta property=\"og:title\" content=\"Moda sostenible en Rec - REC.0 Experimental Stores\" \/>\n<meta property=\"og:description\" content=\"La pandemia ha obligado a reflexionar sobre la producci\u00f3n de ropa y est\u00e1n saliendo muchos &hellip; Contin\u00faa\" \/>\n<meta property=\"og:url\" content=\"https:\/\/www.rec0.com\/recsostenible-una-de-les-novetats-daquesta-edicio\/\" \/>\n<meta property=\"og:site_name\" content=\"REC.0 Experimental Stores\" \/>\n<meta property=\"article:published_time\" content=\"2022-04-27T14:22:38+00:00\" \/>\n<meta property=\"article:modified_time\" content=\"2022-04-29T15:40:17+00:00\" \/>\n<meta property=\"og:image\" content=\"https:\/\/www.rec0.com\/wp-content\/uploads\/104f1b2b-53f4-452b-8402-ec73fdac76b6.jpg\" \/>\n\t<meta property=\"og:image:width\" content=\"1600\" \/>\n\t<meta property=\"og:image:height\" content=\"1200\" \/>\n\t<meta property=\"og:image:type\" content=\"image\/jpeg\" \/>\n<meta name=\"twitter:label1\" content=\"Escrito por\" \/>\n\t<meta name=\"twitter:data1\" content=\"rec\" \/>\n\t<meta name=\"twitter:label2\" content=\"Tiempo de lectura\" \/>\n\t<meta name=\"twitter:data2\" content=\"6 minutos\" \/>\n<script type=\"application\/ld+json\" class=\"yoast-schema-graph\">{\"@context\":\"https:\/\/schema.org\",\"@graph\":[{\"@type\":\"WebSite\",\"@id\":\"https:\/\/www.rec0.com\/es\/#website\",\"url\":\"https:\/\/www.rec0.com\/es\/\",\"name\":\"REC.0 Experimental Stores\",\"description\":\"Pop up stores al barri del Rec, a Igualada.\",\"potentialAction\":[{\"@type\":\"SearchAction\",\"target\":{\"@type\":\"EntryPoint\",\"urlTemplate\":\"https:\/\/www.rec0.com\/es\/?s={search_term_string}\"},\"query-input\":\"required name=search_term_string\"}],\"inLanguage\":\"es\"},{\"@type\":\"ImageObject\",\"@id\":\"https:\/\/www.rec0.com\/recsostenible-una-de-les-novetats-daquesta-edicio\/#primaryimage\",\"inLanguage\":\"es\",\"url\":\"https:\/\/www.rec0.com\/wp-content\/uploads\/104f1b2b-53f4-452b-8402-ec73fdac76b6.jpg\",\"contentUrl\":\"https:\/\/www.rec0.com\/wp-content\/uploads\/104f1b2b-53f4-452b-8402-ec73fdac76b6.jpg\",\"width\":1600,\"height\":1200},{\"@type\":\"WebPage\",\"@id\":\"https:\/\/www.rec0.com\/recsostenible-una-de-les-novetats-daquesta-edicio\/#webpage\",\"url\":\"https:\/\/www.rec0.com\/recsostenible-una-de-les-novetats-daquesta-edicio\/\",\"name\":\"Moda sostenible en Rec - REC.0 Experimental Stores\",\"isPartOf\":{\"@id\":\"https:\/\/www.rec0.com\/es\/#website\"},\"primaryImageOfPage\":{\"@id\":\"https:\/\/www.rec0.com\/recsostenible-una-de-les-novetats-daquesta-edicio\/#primaryimage\"},\"datePublished\":\"2022-04-27T14:22:38+00:00\",\"dateModified\":\"2022-04-29T15:40:17+00:00\",\"author\":{\"@id\":\"https:\/\/www.rec0.com\/es\/#\/schema\/person\/edd8ed9f6d211b8fee86ddfa0d5f633e\"},\"breadcrumb\":{\"@id\":\"https:\/\/www.rec0.com\/recsostenible-una-de-les-novetats-daquesta-edicio\/#breadcrumb\"},\"inLanguage\":\"es\",\"potentialAction\":[{\"@type\":\"ReadAction\",\"target\":[\"https:\/\/www.rec0.com\/recsostenible-una-de-les-novetats-daquesta-edicio\/\"]}]},{\"@type\":\"BreadcrumbList\",\"@id\":\"https:\/\/www.rec0.com\/recsostenible-una-de-les-novetats-daquesta-edicio\/#breadcrumb\",\"itemListElement\":[{\"@type\":\"ListItem\",\"position\":1,\"name\":\"Moda sostenible al Rec\"}]},{\"@type\":\"Person\",\"@id\":\"https:\/\/www.rec0.com\/es\/#\/schema\/person\/edd8ed9f6d211b8fee86ddfa0d5f633e\",\"name\":\"rec\",\"image\":{\"@type\":\"ImageObject\",\"@id\":\"https:\/\/www.rec0.com\/es\/#personlogo\",\"inLanguage\":\"es\",\"url\":\"https:\/\/secure.gravatar.com\/avatar\/aee55cfcff4203793195458ebec26c36?s=96&d=mm&r=g\",\"contentUrl\":\"https:\/\/secure.gravatar.com\/avatar\/aee55cfcff4203793195458ebec26c36?s=96&d=mm&r=g\",\"caption\":\"rec\"},\"sameAs\":[\"http:\/\/www.recstores.com\"],\"url\":\"https:\/\/www.rec0.com\/es\/author\/rec\/\"}]}<\/script>\n<!-- \/ Yoast SEO plugin. -->","yoast_head_json":{"robots":{"index":"index","follow":"follow","max-snippet":"max-snippet:-1","max-image-preview":"max-image-preview:large","max-video-preview":"max-video-preview:-1"},"canonical":"https:\/\/www.rec0.com\/recsostenible-una-de-les-novetats-daquesta-edicio\/","og_locale":"es_ES","og_type":"article","og_title":"Moda sostenible en Rec - REC.0 Experimental Stores","og_description":"La pandemia ha obligado a reflexionar sobre la producci\u00f3n de ropa y est\u00e1n saliendo muchos &hellip; Contin\u00faa","og_url":"https:\/\/www.rec0.com\/recsostenible-una-de-les-novetats-daquesta-edicio\/","og_site_name":"REC.0 Experimental Stores","article_published_time":"2022-04-27T14:22:38+00:00","article_modified_time":"2022-04-29T15:40:17+00:00","og_image":[{"width":1600,"height":1200,"url":"https:\/\/www.rec0.com\/wp-content\/uploads\/104f1b2b-53f4-452b-8402-ec73fdac76b6.jpg","type":"image\/jpeg"}],"twitter_misc":{"Escrito por":"rec","Tiempo de lectura":"6 minutos"},"schema":{"@context":"https:\/\/schema.org","@graph":[{"@type":"WebSite","@id":"https:\/\/www.rec0.com\/es\/#website","url":"https:\/\/www.rec0.com\/es\/","name":"REC.0 Experimental Stores","description":"Pop up stores al barri del Rec, a Igualada.","potentialAction":[{"@type":"SearchAction","target":{"@type":"EntryPoint","urlTemplate":"https:\/\/www.rec0.com\/es\/?s={search_term_string}"},"query-input":"required name=search_term_string"}],"inLanguage":"es"},{"@type":"ImageObject","@id":"https:\/\/www.rec0.com\/recsostenible-una-de-les-novetats-daquesta-edicio\/#primaryimage","inLanguage":"es","url":"https:\/\/www.rec0.com\/wp-content\/uploads\/104f1b2b-53f4-452b-8402-ec73fdac76b6.jpg","contentUrl":"https:\/\/www.rec0.com\/wp-content\/uploads\/104f1b2b-53f4-452b-8402-ec73fdac76b6.jpg","width":1600,"height":1200},{"@type":"WebPage","@id":"https:\/\/www.rec0.com\/recsostenible-una-de-les-novetats-daquesta-edicio\/#webpage","url":"https:\/\/www.rec0.com\/recsostenible-una-de-les-novetats-daquesta-edicio\/","name":"Moda sostenible en Rec - REC.0 Experimental Stores","isPartOf":{"@id":"https:\/\/www.rec0.com\/es\/#website"},"primaryImageOfPage":{"@id":"https:\/\/www.rec0.com\/recsostenible-una-de-les-novetats-daquesta-edicio\/#primaryimage"},"datePublished":"2022-04-27T14:22:38+00:00","dateModified":"2022-04-29T15:40:17+00:00","author":{"@id":"https:\/\/www.rec0.com\/es\/#\/schema\/person\/edd8ed9f6d211b8fee86ddfa0d5f633e"},"breadcrumb":{"@id":"https:\/\/www.rec0.com\/recsostenible-una-de-les-novetats-daquesta-edicio\/#breadcrumb"},"inLanguage":"es","potentialAction":[{"@type":"ReadAction","target":["https:\/\/www.rec0.com\/recsostenible-una-de-les-novetats-daquesta-edicio\/"]}]},{"@type":"BreadcrumbList","@id":"https:\/\/www.rec0.com\/recsostenible-una-de-les-novetats-daquesta-edicio\/#breadcrumb","itemListElement":[{"@type":"ListItem","position":1,"name":"Moda sostenible al Rec"}]},{"@type":"Person","@id":"https:\/\/www.rec0.com\/es\/#\/schema\/person\/edd8ed9f6d211b8fee86ddfa0d5f633e","name":"rec","image":{"@type":"ImageObject","@id":"https:\/\/www.rec0.com\/es\/#personlogo","inLanguage":"es","url":"https:\/\/secure.gravatar.com\/avatar\/aee55cfcff4203793195458ebec26c36?s=96&d=mm&r=g","contentUrl":"https:\/\/secure.gravatar.com\/avatar\/aee55cfcff4203793195458ebec26c36?s=96&d=mm&r=g","caption":"rec"},"sameAs":["http:\/\/www.recstores.com"],"url":"https:\/\/www.rec0.com\/es\/author\/rec\/"}]}},"acf":[],"_links":{"self":[{"href":"https:\/\/www.rec0.com\/es\/wp-json\/wp\/v2\/posts\/15869"}],"collection":[{"href":"https:\/\/www.rec0.com\/es\/wp-json\/wp\/v2\/posts"}],"about":[{"href":"https:\/\/www.rec0.com\/es\/wp-json\/wp\/v2\/types\/post"}],"author":[{"embeddable":true,"href":"https:\/\/www.rec0.com\/es\/wp-json\/wp\/v2\/users\/2"}],"replies":[{"embeddable":true,"href":"https:\/\/www.rec0.com\/es\/wp-json\/wp\/v2\/comments?post=15869"}],"version-history":[{"count":5,"href":"https:\/\/www.rec0.com\/es\/wp-json\/wp\/v2\/posts\/15869\/revisions"}],"predecessor-version":[{"id":15908,"href":"https:\/\/www.rec0.com\/es\/wp-json\/wp\/v2\/posts\/15869\/revisions\/15908"}],"wp:featuredmedia":[{"embeddable":true,"href":"https:\/\/www.rec0.com\/es\/wp-json\/wp\/v2\/media\/15870"}],"wp:attachment":[{"href":"https:\/\/www.rec0.com\/es\/wp-json\/wp\/v2\/media?parent=15869"}],"wp:term":[{"taxonomy":"category","embeddable":true,"href":"https:\/\/www.rec0.com\/es\/wp-json\/wp\/v2\/categories?post=15869"},{"taxonomy":"post_tag","embeddable":true,"href":"https:\/\/www.rec0.com\/es\/wp-json\/wp\/v2\/tags?post=15869"}],"curies":[{"name":"wp","href":"https:\/\/api.w.org\/{rel}","templated":true}]}}